{"id":699,"date":"2015-06-29T20:20:19","date_gmt":"2015-06-29T20:20:19","guid":{"rendered":"http:\/\/malemuk.com\/olofee\/?p=699"},"modified":"2015-06-29T20:20:19","modified_gmt":"2015-06-29T20:20:19","slug":"fiskebruket-i-bergsfjord","status":"publish","type":"post","link":"http:\/\/malemuk.com\/olofee\/fiskebruket-i-bergsfjord\/","title":{"rendered":"Fiskebruket i Bergsfjord"},"content":{"rendered":"<p>Loppa Senterparti har valgt \u00e5 prioritere i h\u00f8yeste grad \u00e5 finne en ordning for fiskemottak i Loppa. Vi jobber spesielt med \u00e5 finne en l\u00f8sning for gjenstart av fiskebruket i Bergsfjord.<\/p>\n<p>I den sammenheng har vi bedt om skriftlig redegj\u00f8relse fra ordf\u00f8rer om hva som er gjort politisk. Svaret viser som fryktet at saken ikke er tatt opp politisk, og bare s\u00e5 vidt f\u00f8lgt opp administrativt.<\/p>\n<p>I tillegg stilte Fabrice sp\u00f8rsm\u00e5l til varaordf\u00f8rer i offentlig sp\u00f8rretime p\u00e5 Sandland 18. juni (ordf\u00f8rer var <span class=\"text_exposed_show\">ikke til stede). Sp\u00f8rsm\u00e5let var om kommunen vil g\u00e5 inn for \u00e5 kj\u00f8pe bruket og leie det ut til noen som vil drive det. Dette med grunnlag i liknende l\u00f8sninger i Kv\u00e6nangen og M\u00e5s\u00f8y. Varaordf\u00f8rer hadde ikke forberedt svar (!), og resten av kommunestyret virket tatt p\u00e5 sengen: &#8220;\u00e5 ja, det stemmer, det er jo kjempeviktig med fiskebruk, fint at du minner oss om det&#8221;&#8230;<\/span><\/p>\n<div class=\"text_exposed_show\">\n<p>Vi har kontakt med nabokommuner, potensielle drivere, R\u00e5fisklaget og Kystfiskarlaget og jobber kontinuerlig med saken. Vi tar ogs\u00e5 gjerne imot innspill eller hjelp til \u00e5 f\u00f8lge opp kontaktene.<\/p>\n<\/div>\n","protected":false},"excerpt":{"rendered":"<p>Loppa Senterparti har valgt \u00e5 prioritere i h\u00f8yeste grad \u00e5 finne en ordning for fiskemottak i Loppa. Vi jobber spesielt med \u00e5 finne en l\u00f8sning for gjenstart av fiskebruket i Bergsfjord. I den sammenheng har vi bedt om skriftlig redegj\u00f8relse fra ordf\u00f8rer om hva som er gjort politisk. Svaret viser som fryktet at saken ikke [&hellip;]<\/p>\n","protected":false},"author":1,"featured_media":0,"comment_status":"open","ping_status":"open","sticky":false,"template":"","format":"standard","meta":{"footnotes":""},"categories":[48],"tags":[],"class_list":["post-699","post","type-post","status-publish","format-standard","hentry","category-loppa-senterparti"],"jetpack-related-posts":[{"id":2691,"url":"http:\/\/malemuk.com\/olofee\/dagens-huleste-innlegg-utkast\/","url_meta":{"origin":699,"position":0},"title":"Dagens huleste innlegg","date":"February 25, 2017","format":false,"excerpt":"Nordlys-kommentator Skjalg Fjellheims innlegg\u00a0om kommunereformen (iFinnmark, 24. februar) kan\u00a0oppsummeres slik: Bare idioter skj\u00f8nner ikke at kommunereformen kommer til \u00e5 snu fraflyttingstrenden i distriktet. I mangel p\u00e5 argumenter, er det naturlig at tilhengerne av reformen pr\u00f8ver \u00e5 latterliggj\u00f8re motstanderne. Det sies for eksempel at vi har spilt p\u00e5 f\u00f8lelser og er\u2026","rel":"nofollow","context":"In \"#GladILoppa\"","img":{"src":"","width":0,"height":0},"classes":[]},{"id":2801,"url":"http:\/\/malemuk.com\/olofee\/samfunnsengasjement\/","url_meta":{"origin":699,"position":1},"title":"Samfunnsengasjement","date":"June 17, 2017","format":false,"excerpt":"Jeg sitter p\u00e5 en l\u00f8rdags kveld og jobber som vanlig. Jeg kan ikke huske siste kveld jeg ikke jobbet. Jeg kan ikke huske sist jeg gikk p\u00e5 tur. Alt hoper seg opp. Det er h\u00f8ring om samferdsel, h\u00f8ring om verneplan, kommunestyrem\u00f8te, valgkampsamling og uendelig mye mer. \u00c5rsm\u00f8tet i utviklingslaget er\u2026","rel":"nofollow","context":"In \"Livet\"","img":{"src":"","width":0,"height":0},"classes":[]},{"id":855,"url":"http:\/\/malemuk.com\/olofee\/oversikt-over-fiskerifond-i-finnmark\/","url_meta":{"origin":699,"position":2},"title":"Fiskerifond i Loppa (2017)","date":"December 17, 2015","format":false,"excerpt":"Denne siden er et arbeidsdokument ifm. revidering av vedtekter for fiskerifond i Loppa i 2017. Fondsvedtekter\u00a0i forskjellige kommuner: Loppa: fiskerifond Hasvik: n\u00e6ringsfond\u00a0(ikke eget fiskerifond) Lebesby: fiskerifond Tana: prim\u00e6rn\u00e6ringsfond And\u00f8y: st\u00f8nadsl\u00e5n til fiskefart\u00f8y M\u00e5s\u00f8y: n\u00e6ringsfond (ikke eget fiskerifond) Kommentarer Loppa utvikling av kvotefaktorer 2004-2015: - 49 % vedtekter for fiskerifondet maks\u2026","rel":"nofollow","context":"In \"Politics and Society\"","img":{"src":"","width":0,"height":0},"classes":[]}],"_links":{"self":[{"href":"http:\/\/malemuk.com\/olofee\/wp-json\/wp\/v2\/posts\/699","targetHints":{"allow":["GET"]}}],"collection":[{"href":"http:\/\/malemuk.com\/olofee\/wp-json\/wp\/v2\/posts"}],"about":[{"href":"http:\/\/malemuk.com\/olofee\/wp-json\/wp\/v2\/types\/post"}],"author":[{"embeddable":true,"href":"http:\/\/malemuk.com\/olofee\/wp-json\/wp\/v2\/users\/1"}],"replies":[{"embeddable":true,"href":"http:\/\/malemuk.com\/olofee\/wp-json\/wp\/v2\/comments?post=699"}],"version-history":[{"count":1,"href":"http:\/\/malemuk.com\/olofee\/wp-json\/wp\/v2\/posts\/699\/revisions"}],"predecessor-version":[{"id":700,"href":"http:\/\/malemuk.com\/olofee\/wp-json\/wp\/v2\/posts\/699\/revisions\/700"}],"wp:attachment":[{"href":"http:\/\/malemuk.com\/olofee\/wp-json\/wp\/v2\/media?parent=699"}],"wp:term":[{"taxonomy":"category","embeddable":true,"href":"http:\/\/malemuk.com\/olofee\/wp-json\/wp\/v2\/categories?post=699"},{"taxonomy":"post_tag","embeddable":true,"href":"http:\/\/malemuk.com\/olofee\/wp-json\/wp\/v2\/tags?post=699"}],"curies":[{"name":"wp","href":"https:\/\/api.w.org\/{rel}","templated":true}]}}