{"id":524,"date":"2014-06-25T18:29:08","date_gmt":"2014-06-25T16:29:08","guid":{"rendered":"http:\/\/nuvtopia.com\/?p=297"},"modified":"2014-06-25T18:29:08","modified_gmt":"2014-06-25T16:29:08","slug":"hopp-og-sprett","status":"publish","type":"post","link":"http:\/\/malemuk.com\/olofee\/hopp-og-sprett\/","title":{"rendered":"Hopp og sprett"},"content":{"rendered":"<p>Jeg har endelig montert trampolinen. Det tok bare ett \u00e5r&#8230; \ud83d\ude00 Jeg har til og med f\u00e5tt den i vater (det brukte jeg bare 2 uker p\u00e5&#8230;)<\/p>\n<p><a href=\"https:\/\/i0.wp.com\/nuvtopia.com\/wp-content\/uploads\/2014\/06\/trampoline.jpg\"><img loading=\"lazy\" decoding=\"async\" class=\"alignnone size-medium wp-image-298\" src=\"https:\/\/i0.wp.com\/nuvtopia.com\/wp-content\/uploads\/2014\/06\/trampoline-300x200.jpg?resize=300%2C200\" alt=\"trampoline\" data-recalc-dims=\"1\" \/><\/a><\/p>\n","protected":false},"excerpt":{"rendered":"<p>Jeg har endelig montert trampolinen. Det tok bare ett \u00e5r&#8230; \ud83d\ude00 Jeg har til og med f\u00e5tt den i vater (det brukte jeg bare 2 uker p\u00e5&#8230;)<\/p>\n","protected":false},"author":1,"featured_media":0,"comment_status":"open","ping_status":"open","sticky":false,"template":"","format":"standard","meta":{"footnotes":""},"categories":[46],"tags":[],"class_list":["post-524","post","type-post","status-publish","format-standard","hentry","category-fjellheim"],"jetpack-related-posts":[{"id":2801,"url":"http:\/\/malemuk.com\/olofee\/samfunnsengasjement\/","url_meta":{"origin":524,"position":0},"title":"Samfunnsengasjement","date":"June 17, 2017","format":false,"excerpt":"Jeg sitter p\u00e5 en l\u00f8rdags kveld og jobber som vanlig. Jeg kan ikke huske siste kveld jeg ikke jobbet. Jeg kan ikke huske sist jeg gikk p\u00e5 tur. Alt hoper seg opp. Det er h\u00f8ring om samferdsel, h\u00f8ring om verneplan, kommunestyrem\u00f8te, valgkampsamling og uendelig mye mer. \u00c5rsm\u00f8tet i utviklingslaget er\u2026","rel":"nofollow","context":"In \"Livet\"","img":{"src":"","width":0,"height":0},"classes":[]},{"id":2908,"url":"http:\/\/malemuk.com\/olofee\/permisjon-fra-politiske-verv\/","url_meta":{"origin":524,"position":1},"title":"Permisjon fra politiske verv","date":"January 10, 2018","format":false,"excerpt":"Jeg \u00f8nsker \u00e5 informere om at jeg har f\u00e5tt innvilget fritak fra mine politiske verv av helsemessige \u00e5rsaker i ett \u00e5r fra 1.1.2018. Til de som skiller mellom fysisk og psykisk helse, handler det i mitt tilfelle om en psykisk lidelse. Den f\u00f8rer til at jeg har en sv\u00e6rt begrenset\u2026","rel":"nofollow","context":"In \"Loppa Senterparti\"","img":{"src":"","width":0,"height":0},"classes":[]},{"id":2826,"url":"http:\/\/malemuk.com\/olofee\/medikamentfritt-behandlingstilbud\/","url_meta":{"origin":524,"position":2},"title":"Medikamentfritt behandlingstilbud","date":"September 28, 2017","format":false,"excerpt":"Ifm. s\u00f8knad om medikamentfri behandling p\u00e5 \u00c5sg\u00e5rd, har jeg skrevet noen ord som jeg tenker flere kan v\u00e6re interessert i \u00e5 lese. Del gjerne. 1. Fortell litt om hva det er som gj\u00f8r at du \u00f8nsker et medikamentfritt behandlingstilbud. Min erfaring fra helsevesenet (lege, psykiatrisk sykepleie og psykolog) er at\u2026","rel":"nofollow","context":"In \"Mental health\"","img":{"src":"","width":0,"height":0},"classes":[]}],"_links":{"self":[{"href":"http:\/\/malemuk.com\/olofee\/wp-json\/wp\/v2\/posts\/524","targetHints":{"allow":["GET"]}}],"collection":[{"href":"http:\/\/malemuk.com\/olofee\/wp-json\/wp\/v2\/posts"}],"about":[{"href":"http:\/\/malemuk.com\/olofee\/wp-json\/wp\/v2\/types\/post"}],"author":[{"embeddable":true,"href":"http:\/\/malemuk.com\/olofee\/wp-json\/wp\/v2\/users\/1"}],"replies":[{"embeddable":true,"href":"http:\/\/malemuk.com\/olofee\/wp-json\/wp\/v2\/comments?post=524"}],"version-history":[{"count":0,"href":"http:\/\/malemuk.com\/olofee\/wp-json\/wp\/v2\/posts\/524\/revisions"}],"wp:attachment":[{"href":"http:\/\/malemuk.com\/olofee\/wp-json\/wp\/v2\/media?parent=524"}],"wp:term":[{"taxonomy":"category","embeddable":true,"href":"http:\/\/malemuk.com\/olofee\/wp-json\/wp\/v2\/categories?post=524"},{"taxonomy":"post_tag","embeddable":true,"href":"http:\/\/malemuk.com\/olofee\/wp-json\/wp\/v2\/tags?post=524"}],"curies":[{"name":"wp","href":"https:\/\/api.w.org\/{rel}","templated":true}]}}