{"id":324,"date":"2014-06-28T13:23:47","date_gmt":"2014-06-28T11:23:47","guid":{"rendered":"http:\/\/nuvtopia.com\/?p=324"},"modified":"2015-01-04T06:45:48","modified_gmt":"2015-01-04T06:45:48","slug":"forste-fpv","status":"publish","type":"post","link":"http:\/\/malemuk.com\/olofee\/forste-fpv\/","title":{"rendered":"F\u00f8rste FPV"},"content":{"rendered":"<p>I g\u00e5r fant jeg endelig ut av problemet med dronen. Har ikke flydd siden jeg kr\u00e6sjet i februar&#8230; I dag testet jeg FPV-brillene. Mye vanskeligere \u00e5 styre enn jeg trodde! Jeg mistet kontroll over dronen og m\u00e5tte g\u00e5 tilbake til vanlig styring. Jeg har mao. et nytt treningsprosjekt \ud83d\ude42<\/p>\n<p>Jeg har ikke koblet gimbalen til controlleren enda, det er derfor kameraet ikke holdes i vater.<\/p>\n<p>Video fra turen ligger her:<\/p>\n<p><a href=\"https:\/\/vimeo.com\/99405134\">https:\/\/vimeo.com\/99405134<\/a><\/p>\n<p><a href=\"https:\/\/i1.wp.com\/nuvtopia.com\/wp-content\/uploads\/2014\/06\/Screenshot-from-2014-06-28-132633.png\"><img loading=\"lazy\" decoding=\"async\" class=\"alignnone size-medium wp-image-327\" src=\"https:\/\/i1.wp.com\/nuvtopia.com\/wp-content\/uploads\/2014\/06\/Screenshot-from-2014-06-28-132633-300x168.png?resize=300%2C168\" alt=\"Screenshot from 2014-06-28 13:26:33\" data-recalc-dims=\"1\" \/><\/a><\/p>\n","protected":false},"excerpt":{"rendered":"<p>I g\u00e5r fant jeg endelig ut av problemet med dronen. Har ikke flydd siden jeg kr\u00e6sjet i februar&#8230; I dag testet jeg FPV-brillene. Mye vanskeligere \u00e5 styre enn jeg trodde! Jeg mistet kontroll over dronen og m\u00e5tte g\u00e5 tilbake til vanlig styring. Jeg har mao. et nytt treningsprosjekt \ud83d\ude42 Jeg har ikke koblet gimbalen til [&hellip;]<\/p>\n","protected":false},"author":1,"featured_media":0,"comment_status":"open","ping_status":"open","sticky":false,"template":"","format":"standard","meta":{"footnotes":""},"categories":[24],"tags":[],"class_list":["post-324","post","type-post","status-publish","format-standard","hentry","category-photo-album"],"jetpack-related-posts":[{"id":2801,"url":"http:\/\/malemuk.com\/olofee\/samfunnsengasjement\/","url_meta":{"origin":324,"position":0},"title":"Samfunnsengasjement","date":"June 17, 2017","format":false,"excerpt":"Jeg sitter p\u00e5 en l\u00f8rdags kveld og jobber som vanlig. Jeg kan ikke huske siste kveld jeg ikke jobbet. Jeg kan ikke huske sist jeg gikk p\u00e5 tur. Alt hoper seg opp. Det er h\u00f8ring om samferdsel, h\u00f8ring om verneplan, kommunestyrem\u00f8te, valgkampsamling og uendelig mye mer. \u00c5rsm\u00f8tet i utviklingslaget er\u2026","rel":"nofollow","context":"In \"Livet\"","img":{"src":"","width":0,"height":0},"classes":[]},{"id":2826,"url":"http:\/\/malemuk.com\/olofee\/medikamentfritt-behandlingstilbud\/","url_meta":{"origin":324,"position":1},"title":"Medikamentfritt behandlingstilbud","date":"September 28, 2017","format":false,"excerpt":"Ifm. s\u00f8knad om medikamentfri behandling p\u00e5 \u00c5sg\u00e5rd, har jeg skrevet noen ord som jeg tenker flere kan v\u00e6re interessert i \u00e5 lese. Del gjerne. 1. Fortell litt om hva det er som gj\u00f8r at du \u00f8nsker et medikamentfritt behandlingstilbud. Min erfaring fra helsevesenet (lege, psykiatrisk sykepleie og psykolog) er at\u2026","rel":"nofollow","context":"In \"Mental health\"","img":{"src":"","width":0,"height":0},"classes":[]},{"id":2908,"url":"http:\/\/malemuk.com\/olofee\/permisjon-fra-politiske-verv\/","url_meta":{"origin":324,"position":2},"title":"Permisjon fra politiske verv","date":"January 10, 2018","format":false,"excerpt":"Jeg \u00f8nsker \u00e5 informere om at jeg har f\u00e5tt innvilget fritak fra mine politiske verv av helsemessige \u00e5rsaker i ett \u00e5r fra 1.1.2018. Til de som skiller mellom fysisk og psykisk helse, handler det i mitt tilfelle om en psykisk lidelse. Den f\u00f8rer til at jeg har en sv\u00e6rt begrenset\u2026","rel":"nofollow","context":"In \"Loppa Senterparti\"","img":{"src":"","width":0,"height":0},"classes":[]}],"_links":{"self":[{"href":"http:\/\/malemuk.com\/olofee\/wp-json\/wp\/v2\/posts\/324","targetHints":{"allow":["GET"]}}],"collection":[{"href":"http:\/\/malemuk.com\/olofee\/wp-json\/wp\/v2\/posts"}],"about":[{"href":"http:\/\/malemuk.com\/olofee\/wp-json\/wp\/v2\/types\/post"}],"author":[{"embeddable":true,"href":"http:\/\/malemuk.com\/olofee\/wp-json\/wp\/v2\/users\/1"}],"replies":[{"embeddable":true,"href":"http:\/\/malemuk.com\/olofee\/wp-json\/wp\/v2\/comments?post=324"}],"version-history":[{"count":1,"href":"http:\/\/malemuk.com\/olofee\/wp-json\/wp\/v2\/posts\/324\/revisions"}],"predecessor-version":[{"id":530,"href":"http:\/\/malemuk.com\/olofee\/wp-json\/wp\/v2\/posts\/324\/revisions\/530"}],"wp:attachment":[{"href":"http:\/\/malemuk.com\/olofee\/wp-json\/wp\/v2\/media?parent=324"}],"wp:term":[{"taxonomy":"category","embeddable":true,"href":"http:\/\/malemuk.com\/olofee\/wp-json\/wp\/v2\/categories?post=324"},{"taxonomy":"post_tag","embeddable":true,"href":"http:\/\/malemuk.com\/olofee\/wp-json\/wp\/v2\/tags?post=324"}],"curies":[{"name":"wp","href":"https:\/\/api.w.org\/{rel}","templated":true}]}}